{"id":11550,"date":"2016-10-15T22:36:35","date_gmt":"2016-10-15T20:36:35","guid":{"rendered":"http:\/\/pages.pedf.cuni.cz\/pedagogika\/?p=11550"},"modified":"2016-10-27T11:16:55","modified_gmt":"2016-10-27T09:16:55","slug":"pristupy-ceske-vzdelavaci-politiky-po-roce-1989-deprofesionalizace-ucitelstvi-a-ucitelskeho-vzdelavani","status":"publish","type":"post","link":"https:\/\/pages.pedf.cuni.cz\/pedagogika\/?p=11550","title":{"rendered":"[:cs]P\u0159\u00edstupy \u010desk\u00e9 vzd\u011bl\u00e1vac\u00ed politiky po roce 1989: Deprofesionalizace u\u010ditelstv\u00ed a u\u010ditelsk\u00e9ho vzd\u011bl\u00e1v\u00e1n\u00ed? [:en]Approaches to Czech Education Policy since 1989: The deprofessionalisation of the teaching profession and teacher training? [:]"},"content":{"rendered":"","protected":false},"excerpt":{"rendered":"","protected":false},"author":291,"featured_media":0,"comment_status":"closed","ping_status":"closed","sticky":false,"template":"","format":"standard","meta":{"footnotes":""},"categories":[22550],"tags":[],"class_list":["post-11550","post","type-post","status-publish","format-standard","hentry","category-42016-mono"],"_links":{"self":[{"href":"https:\/\/pages.pedf.cuni.cz\/pedagogika\/index.php?rest_route=\/wp\/v2\/posts\/11550","targetHints":{"allow":["GET"]}}],"collection":[{"href":"https:\/\/pages.pedf.cuni.cz\/pedagogika\/index.php?rest_route=\/wp\/v2\/posts"}],"about":[{"href":"https:\/\/pages.pedf.cuni.cz\/pedagogika\/index.php?rest_route=\/wp\/v2\/types\/post"}],"author":[{"embeddable":true,"href":"https:\/\/pages.pedf.cuni.cz\/pedagogika\/index.php?rest_route=\/wp\/v2\/users\/291"}],"replies":[{"embeddable":true,"href":"https:\/\/pages.pedf.cuni.cz\/pedagogika\/index.php?rest_route=%2Fwp%2Fv2%2Fcomments&post=11550"}],"version-history":[{"count":1,"href":"https:\/\/pages.pedf.cuni.cz\/pedagogika\/index.php?rest_route=\/wp\/v2\/posts\/11550\/revisions"}],"predecessor-version":[{"id":11551,"href":"https:\/\/pages.pedf.cuni.cz\/pedagogika\/index.php?rest_route=\/wp\/v2\/posts\/11550\/revisions\/11551"}],"wp:attachment":[{"href":"https:\/\/pages.pedf.cuni.cz\/pedagogika\/index.php?rest_route=%2Fwp%2Fv2%2Fmedia&parent=11550"}],"wp:term":[{"taxonomy":"category","embeddable":true,"href":"https:\/\/pages.pedf.cuni.cz\/pedagogika\/index.php?rest_route=%2Fwp%2Fv2%2Fcategories&post=11550"},{"taxonomy":"post_tag","embeddable":true,"href":"https:\/\/pages.pedf.cuni.cz\/pedagogika\/index.php?rest_route=%2Fwp%2Fv2%2Ftags&post=11550"}],"curies":[{"name":"wp","href":"https:\/\/api.w.org\/{rel}","templated":true}]}}