{"id":11884,"date":"2018-08-16T16:02:34","date_gmt":"2018-08-16T14:02:34","guid":{"rendered":"http:\/\/pages.pedf.cuni.cz\/pedagogika\/?p=11884"},"modified":"2018-08-16T16:02:34","modified_gmt":"2018-08-16T14:02:34","slug":"odpor-ucitelu-vuci-zmenam-ve-skole-a-ve-skolstvi","status":"publish","type":"post","link":"https:\/\/pages.pedf.cuni.cz\/pedagogika\/?p=11884","title":{"rendered":"[:cs]Odpor u\u010ditel\u016f v\u016f\u010di zm\u011bn\u00e1m ve \u0161kole a ve \u0161kolstv\u00ed  [:en]Resistance of Teachers to Changes in Schools and School System[:]"},"content":{"rendered":"","protected":false},"excerpt":{"rendered":"","protected":false},"author":291,"featured_media":0,"comment_status":"closed","ping_status":"closed","sticky":false,"template":"","format":"standard","meta":{"footnotes":""},"categories":[36156],"tags":[],"class_list":["post-11884","post","type-post","status-publish","format-standard","hentry","category-cs2-2018en2-2018"],"_links":{"self":[{"href":"https:\/\/pages.pedf.cuni.cz\/pedagogika\/index.php?rest_route=\/wp\/v2\/posts\/11884","targetHints":{"allow":["GET"]}}],"collection":[{"href":"https:\/\/pages.pedf.cuni.cz\/pedagogika\/index.php?rest_route=\/wp\/v2\/posts"}],"about":[{"href":"https:\/\/pages.pedf.cuni.cz\/pedagogika\/index.php?rest_route=\/wp\/v2\/types\/post"}],"author":[{"embeddable":true,"href":"https:\/\/pages.pedf.cuni.cz\/pedagogika\/index.php?rest_route=\/wp\/v2\/users\/291"}],"replies":[{"embeddable":true,"href":"https:\/\/pages.pedf.cuni.cz\/pedagogika\/index.php?rest_route=%2Fwp%2Fv2%2Fcomments&post=11884"}],"version-history":[{"count":1,"href":"https:\/\/pages.pedf.cuni.cz\/pedagogika\/index.php?rest_route=\/wp\/v2\/posts\/11884\/revisions"}],"predecessor-version":[{"id":11885,"href":"https:\/\/pages.pedf.cuni.cz\/pedagogika\/index.php?rest_route=\/wp\/v2\/posts\/11884\/revisions\/11885"}],"wp:attachment":[{"href":"https:\/\/pages.pedf.cuni.cz\/pedagogika\/index.php?rest_route=%2Fwp%2Fv2%2Fmedia&parent=11884"}],"wp:term":[{"taxonomy":"category","embeddable":true,"href":"https:\/\/pages.pedf.cuni.cz\/pedagogika\/index.php?rest_route=%2Fwp%2Fv2%2Fcategories&post=11884"},{"taxonomy":"post_tag","embeddable":true,"href":"https:\/\/pages.pedf.cuni.cz\/pedagogika\/index.php?rest_route=%2Fwp%2Fv2%2Ftags&post=11884"}],"curies":[{"name":"wp","href":"https:\/\/api.w.org\/{rel}","templated":true}]}}