{"id":11893,"date":"2018-08-16T16:10:44","date_gmt":"2018-08-16T14:10:44","guid":{"rendered":"http:\/\/pages.pedf.cuni.cz\/pedagogika\/?p=11893"},"modified":"2018-08-16T16:10:44","modified_gmt":"2018-08-16T14:10:44","slug":"vyukove-cile-v-primarnim-vzdelavani-aneb-cesta-tam-a-zase-zpatky","status":"publish","type":"post","link":"https:\/\/pages.pedf.cuni.cz\/pedagogika\/?p=11893","title":{"rendered":"[:cs]V\u00fdukov\u00e9 c\u00edle v prim\u00e1rn\u00edm vzd\u011bl\u00e1v\u00e1n\u00ed aneb Cesta tam a zase zp\u00e1tky[:en]Teaching Goals in Primary Education or There and Back Again[:]"},"content":{"rendered":"","protected":false},"excerpt":{"rendered":"","protected":false},"author":291,"featured_media":0,"comment_status":"closed","ping_status":"closed","sticky":false,"template":"","format":"standard","meta":{"footnotes":""},"categories":[36156],"tags":[],"class_list":["post-11893","post","type-post","status-publish","format-standard","hentry","category-cs2-2018en2-2018"],"_links":{"self":[{"href":"https:\/\/pages.pedf.cuni.cz\/pedagogika\/index.php?rest_route=\/wp\/v2\/posts\/11893","targetHints":{"allow":["GET"]}}],"collection":[{"href":"https:\/\/pages.pedf.cuni.cz\/pedagogika\/index.php?rest_route=\/wp\/v2\/posts"}],"about":[{"href":"https:\/\/pages.pedf.cuni.cz\/pedagogika\/index.php?rest_route=\/wp\/v2\/types\/post"}],"author":[{"embeddable":true,"href":"https:\/\/pages.pedf.cuni.cz\/pedagogika\/index.php?rest_route=\/wp\/v2\/users\/291"}],"replies":[{"embeddable":true,"href":"https:\/\/pages.pedf.cuni.cz\/pedagogika\/index.php?rest_route=%2Fwp%2Fv2%2Fcomments&post=11893"}],"version-history":[{"count":1,"href":"https:\/\/pages.pedf.cuni.cz\/pedagogika\/index.php?rest_route=\/wp\/v2\/posts\/11893\/revisions"}],"predecessor-version":[{"id":11894,"href":"https:\/\/pages.pedf.cuni.cz\/pedagogika\/index.php?rest_route=\/wp\/v2\/posts\/11893\/revisions\/11894"}],"wp:attachment":[{"href":"https:\/\/pages.pedf.cuni.cz\/pedagogika\/index.php?rest_route=%2Fwp%2Fv2%2Fmedia&parent=11893"}],"wp:term":[{"taxonomy":"category","embeddable":true,"href":"https:\/\/pages.pedf.cuni.cz\/pedagogika\/index.php?rest_route=%2Fwp%2Fv2%2Fcategories&post=11893"},{"taxonomy":"post_tag","embeddable":true,"href":"https:\/\/pages.pedf.cuni.cz\/pedagogika\/index.php?rest_route=%2Fwp%2Fv2%2Ftags&post=11893"}],"curies":[{"name":"wp","href":"https:\/\/api.w.org\/{rel}","templated":true}]}}