{"id":1324,"date":"2014-01-31T06:38:51","date_gmt":"2014-01-31T06:38:51","guid":{"rendered":"http:\/\/userweb.pedf.cuni.cz\/wp\/pedagogika\/?p=1324"},"modified":"2014-04-08T13:55:03","modified_gmt":"2014-04-08T13:55:03","slug":"helus-z-bravena-n-franclova-m-perspektivy-ucitelstvi-prospects-of-the-teaching-profession","status":"publish","type":"post","link":"https:\/\/pages.pedf.cuni.cz\/pedagogika\/?p=1324","title":{"rendered":"<!--:cs-->HELUS, Z., BRAVEN\u00c1, N., FRANCLOV\u00c1, M.: Perspektivy u\u010ditelstv\u00ed [Prospects of the Teaching Profession]<!--:--><!--:en-->HELUS, Z., BRAVEN\u00c1, N., FRANCLOV\u00c1, M.: Perspektivy u\u010ditelstv\u00ed [Prospects of the Teaching Profession]<!--:-->"},"content":{"rendered":"","protected":false},"excerpt":{"rendered":"","protected":false},"author":291,"featured_media":0,"comment_status":"closed","ping_status":"closed","sticky":false,"template":"","format":"standard","meta":{"footnotes":""},"categories":[10177],"tags":[],"class_list":["post-1324","post","type-post","status-publish","format-standard","hentry","category-10177"],"_links":{"self":[{"href":"https:\/\/pages.pedf.cuni.cz\/pedagogika\/index.php?rest_route=\/wp\/v2\/posts\/1324","targetHints":{"allow":["GET"]}}],"collection":[{"href":"https:\/\/pages.pedf.cuni.cz\/pedagogika\/index.php?rest_route=\/wp\/v2\/posts"}],"about":[{"href":"https:\/\/pages.pedf.cuni.cz\/pedagogika\/index.php?rest_route=\/wp\/v2\/types\/post"}],"author":[{"embeddable":true,"href":"https:\/\/pages.pedf.cuni.cz\/pedagogika\/index.php?rest_route=\/wp\/v2\/users\/291"}],"replies":[{"embeddable":true,"href":"https:\/\/pages.pedf.cuni.cz\/pedagogika\/index.php?rest_route=%2Fwp%2Fv2%2Fcomments&post=1324"}],"version-history":[{"count":0,"href":"https:\/\/pages.pedf.cuni.cz\/pedagogika\/index.php?rest_route=\/wp\/v2\/posts\/1324\/revisions"}],"wp:attachment":[{"href":"https:\/\/pages.pedf.cuni.cz\/pedagogika\/index.php?rest_route=%2Fwp%2Fv2%2Fmedia&parent=1324"}],"wp:term":[{"taxonomy":"category","embeddable":true,"href":"https:\/\/pages.pedf.cuni.cz\/pedagogika\/index.php?rest_route=%2Fwp%2Fv2%2Fcategories&post=1324"},{"taxonomy":"post_tag","embeddable":true,"href":"https:\/\/pages.pedf.cuni.cz\/pedagogika\/index.php?rest_route=%2Fwp%2Fv2%2Ftags&post=1324"}],"curies":[{"name":"wp","href":"https:\/\/api.w.org\/{rel}","templated":true}]}}