{"id":2075,"date":"2014-06-12T13:35:25","date_gmt":"2014-06-12T13:35:25","guid":{"rendered":"http:\/\/userweb.pedf.cuni.cz\/wp\/pedagogika\/?p=2075"},"modified":"2014-06-12T13:35:25","modified_gmt":"2014-06-12T13:35:25","slug":"psychoanalyticke-zamysleni-nad-vychovou-vedouci-%d0%ba-problemum-v-sebepojeti-u-dospivajicich","status":"publish","type":"post","link":"https:\/\/pages.pedf.cuni.cz\/pedagogika\/?p=2075","title":{"rendered":"<!--:cs-->Psychoanalytick\u00e9 zamy\u0161len\u00ed nad v\u00fdchovou vedouc\u00ed \u043a probl\u00e9m\u016fm v sebepojet\u00ed u dosp\u00edvaj\u00edc\u00edch<!--:--><!--:en-->A psychoanalytic look on education which leads to problems with self-conception in adolescents<!--:-->"},"content":{"rendered":"","protected":false},"excerpt":{"rendered":"","protected":false},"author":291,"featured_media":0,"comment_status":"closed","ping_status":"closed","sticky":false,"template":"","format":"standard","meta":{"footnotes":""},"categories":[10203],"tags":[],"class_list":["post-2075","post","type-post","status-publish","format-standard","hentry","category-10203"],"_links":{"self":[{"href":"https:\/\/pages.pedf.cuni.cz\/pedagogika\/index.php?rest_route=\/wp\/v2\/posts\/2075","targetHints":{"allow":["GET"]}}],"collection":[{"href":"https:\/\/pages.pedf.cuni.cz\/pedagogika\/index.php?rest_route=\/wp\/v2\/posts"}],"about":[{"href":"https:\/\/pages.pedf.cuni.cz\/pedagogika\/index.php?rest_route=\/wp\/v2\/types\/post"}],"author":[{"embeddable":true,"href":"https:\/\/pages.pedf.cuni.cz\/pedagogika\/index.php?rest_route=\/wp\/v2\/users\/291"}],"replies":[{"embeddable":true,"href":"https:\/\/pages.pedf.cuni.cz\/pedagogika\/index.php?rest_route=%2Fwp%2Fv2%2Fcomments&post=2075"}],"version-history":[{"count":0,"href":"https:\/\/pages.pedf.cuni.cz\/pedagogika\/index.php?rest_route=\/wp\/v2\/posts\/2075\/revisions"}],"wp:attachment":[{"href":"https:\/\/pages.pedf.cuni.cz\/pedagogika\/index.php?rest_route=%2Fwp%2Fv2%2Fmedia&parent=2075"}],"wp:term":[{"taxonomy":"category","embeddable":true,"href":"https:\/\/pages.pedf.cuni.cz\/pedagogika\/index.php?rest_route=%2Fwp%2Fv2%2Fcategories&post=2075"},{"taxonomy":"post_tag","embeddable":true,"href":"https:\/\/pages.pedf.cuni.cz\/pedagogika\/index.php?rest_route=%2Fwp%2Fv2%2Ftags&post=2075"}],"curies":[{"name":"wp","href":"https:\/\/api.w.org\/{rel}","templated":true}]}}