{"id":4625,"date":"2015-01-05T00:15:36","date_gmt":"2015-01-05T00:15:36","guid":{"rendered":"http:\/\/pages.pedf.cuni.cz\/pedagogika\/?p=4625"},"modified":"2014-12-24T09:36:49","modified_gmt":"2014-12-24T09:36:49","slug":"k-rozvoji-vychovy-mimo-vyucovani-v-zakladni-skole","status":"publish","type":"post","link":"https:\/\/pages.pedf.cuni.cz\/pedagogika\/?p=4625","title":{"rendered":"<!--:cs-->K rozvoji v\u00fdchovy mimo vyu\u010dov\u00e1n\u00ed v z\u00e1kladn\u00ed \u0161kole<!--:--><!--:en-->On the Development of Extra-Class Education at the Elementary School<!--:-->"},"content":{"rendered":"","protected":false},"excerpt":{"rendered":"","protected":false},"author":359,"featured_media":0,"comment_status":"closed","ping_status":"closed","sticky":false,"template":"","format":"standard","meta":{"footnotes":""},"categories":[10298],"tags":[],"class_list":["post-4625","post","type-post","status-publish","format-standard","hentry","category-10298"],"_links":{"self":[{"href":"https:\/\/pages.pedf.cuni.cz\/pedagogika\/index.php?rest_route=\/wp\/v2\/posts\/4625","targetHints":{"allow":["GET"]}}],"collection":[{"href":"https:\/\/pages.pedf.cuni.cz\/pedagogika\/index.php?rest_route=\/wp\/v2\/posts"}],"about":[{"href":"https:\/\/pages.pedf.cuni.cz\/pedagogika\/index.php?rest_route=\/wp\/v2\/types\/post"}],"author":[{"embeddable":true,"href":"https:\/\/pages.pedf.cuni.cz\/pedagogika\/index.php?rest_route=\/wp\/v2\/users\/359"}],"replies":[{"embeddable":true,"href":"https:\/\/pages.pedf.cuni.cz\/pedagogika\/index.php?rest_route=%2Fwp%2Fv2%2Fcomments&post=4625"}],"version-history":[{"count":0,"href":"https:\/\/pages.pedf.cuni.cz\/pedagogika\/index.php?rest_route=\/wp\/v2\/posts\/4625\/revisions"}],"wp:attachment":[{"href":"https:\/\/pages.pedf.cuni.cz\/pedagogika\/index.php?rest_route=%2Fwp%2Fv2%2Fmedia&parent=4625"}],"wp:term":[{"taxonomy":"category","embeddable":true,"href":"https:\/\/pages.pedf.cuni.cz\/pedagogika\/index.php?rest_route=%2Fwp%2Fv2%2Fcategories&post=4625"},{"taxonomy":"post_tag","embeddable":true,"href":"https:\/\/pages.pedf.cuni.cz\/pedagogika\/index.php?rest_route=%2Fwp%2Fv2%2Ftags&post=4625"}],"curies":[{"name":"wp","href":"https:\/\/api.w.org\/{rel}","templated":true}]}}