{"id":4659,"date":"2015-01-05T00:21:33","date_gmt":"2015-01-05T00:21:33","guid":{"rendered":"http:\/\/pages.pedf.cuni.cz\/pedagogika\/?p=4659"},"modified":"2014-12-24T10:02:53","modified_gmt":"2014-12-24T10:02:53","slug":"postaveni-a-ukoly-materskeho-jazyka-v-priprave-ucitelu-a-vychovatelu-oboru-specialni-pedagogika","status":"publish","type":"post","link":"https:\/\/pages.pedf.cuni.cz\/pedagogika\/?p=4659","title":{"rendered":"<!--:cs-->Postaven\u00ed a \u00fakoly mate\u0159sk\u00e9ho jazyka v p\u0159\u00edprav\u011b u\u010ditel\u016f a vychovatel\u016f oboru speci\u00e1ln\u00ed pedagogika<!--:--><!--:en-->The Place and Tasks of the Mother Tongue in the Training of Teachers Studying Special Pedagogy<!--:-->"},"content":{"rendered":"","protected":false},"excerpt":{"rendered":"","protected":false},"author":359,"featured_media":0,"comment_status":"closed","ping_status":"closed","sticky":false,"template":"","format":"standard","meta":{"footnotes":""},"categories":[10299],"tags":[],"class_list":["post-4659","post","type-post","status-publish","format-standard","hentry","category-10299"],"_links":{"self":[{"href":"https:\/\/pages.pedf.cuni.cz\/pedagogika\/index.php?rest_route=\/wp\/v2\/posts\/4659","targetHints":{"allow":["GET"]}}],"collection":[{"href":"https:\/\/pages.pedf.cuni.cz\/pedagogika\/index.php?rest_route=\/wp\/v2\/posts"}],"about":[{"href":"https:\/\/pages.pedf.cuni.cz\/pedagogika\/index.php?rest_route=\/wp\/v2\/types\/post"}],"author":[{"embeddable":true,"href":"https:\/\/pages.pedf.cuni.cz\/pedagogika\/index.php?rest_route=\/wp\/v2\/users\/359"}],"replies":[{"embeddable":true,"href":"https:\/\/pages.pedf.cuni.cz\/pedagogika\/index.php?rest_route=%2Fwp%2Fv2%2Fcomments&post=4659"}],"version-history":[{"count":0,"href":"https:\/\/pages.pedf.cuni.cz\/pedagogika\/index.php?rest_route=\/wp\/v2\/posts\/4659\/revisions"}],"wp:attachment":[{"href":"https:\/\/pages.pedf.cuni.cz\/pedagogika\/index.php?rest_route=%2Fwp%2Fv2%2Fmedia&parent=4659"}],"wp:term":[{"taxonomy":"category","embeddable":true,"href":"https:\/\/pages.pedf.cuni.cz\/pedagogika\/index.php?rest_route=%2Fwp%2Fv2%2Fcategories&post=4659"},{"taxonomy":"post_tag","embeddable":true,"href":"https:\/\/pages.pedf.cuni.cz\/pedagogika\/index.php?rest_route=%2Fwp%2Fv2%2Ftags&post=4659"}],"curies":[{"name":"wp","href":"https:\/\/api.w.org\/{rel}","templated":true}]}}