{"id":5427,"date":"2015-01-05T00:13:40","date_gmt":"2015-01-05T00:13:40","guid":{"rendered":"http:\/\/pages.pedf.cuni.cz\/pedagogika\/?p=5427"},"modified":"2014-12-26T18:26:18","modified_gmt":"2014-12-26T18:26:18","slug":"nektere-otazky-rizeni-prace-skol-a-jejich-vyzkum","status":"publish","type":"post","link":"https:\/\/pages.pedf.cuni.cz\/pedagogika\/?p=5427","title":{"rendered":"<!--:cs-->N\u011bkter\u00e9 ot\u00e1zky \u0159\u00edzen\u00ed pr\u00e1ce \u0161kol a jejich v\u00fdzkum<!--:--><!--:en-->Some Questions Concerning the Management of Educational Work and the Respective Research<!--:-->"},"content":{"rendered":"","protected":false},"excerpt":{"rendered":"","protected":false},"author":359,"featured_media":0,"comment_status":"closed","ping_status":"closed","sticky":false,"template":"","format":"standard","meta":{"footnotes":""},"categories":[10333],"tags":[],"class_list":["post-5427","post","type-post","status-publish","format-standard","hentry","category-10333"],"_links":{"self":[{"href":"https:\/\/pages.pedf.cuni.cz\/pedagogika\/index.php?rest_route=\/wp\/v2\/posts\/5427","targetHints":{"allow":["GET"]}}],"collection":[{"href":"https:\/\/pages.pedf.cuni.cz\/pedagogika\/index.php?rest_route=\/wp\/v2\/posts"}],"about":[{"href":"https:\/\/pages.pedf.cuni.cz\/pedagogika\/index.php?rest_route=\/wp\/v2\/types\/post"}],"author":[{"embeddable":true,"href":"https:\/\/pages.pedf.cuni.cz\/pedagogika\/index.php?rest_route=\/wp\/v2\/users\/359"}],"replies":[{"embeddable":true,"href":"https:\/\/pages.pedf.cuni.cz\/pedagogika\/index.php?rest_route=%2Fwp%2Fv2%2Fcomments&post=5427"}],"version-history":[{"count":0,"href":"https:\/\/pages.pedf.cuni.cz\/pedagogika\/index.php?rest_route=\/wp\/v2\/posts\/5427\/revisions"}],"wp:attachment":[{"href":"https:\/\/pages.pedf.cuni.cz\/pedagogika\/index.php?rest_route=%2Fwp%2Fv2%2Fmedia&parent=5427"}],"wp:term":[{"taxonomy":"category","embeddable":true,"href":"https:\/\/pages.pedf.cuni.cz\/pedagogika\/index.php?rest_route=%2Fwp%2Fv2%2Fcategories&post=5427"},{"taxonomy":"post_tag","embeddable":true,"href":"https:\/\/pages.pedf.cuni.cz\/pedagogika\/index.php?rest_route=%2Fwp%2Fv2%2Ftags&post=5427"}],"curies":[{"name":"wp","href":"https:\/\/api.w.org\/{rel}","templated":true}]}}