{"id":6187,"date":"2015-01-05T00:09:20","date_gmt":"2015-01-05T00:09:20","guid":{"rendered":"http:\/\/pages.pedf.cuni.cz\/pedagogika\/?p=6187"},"modified":"2014-12-29T00:09:11","modified_gmt":"2014-12-29T00:09:11","slug":"ukoly-vychovy-v-rozvijeni-socialistickeho-vedomi-deti-a-mladeze","status":"publish","type":"post","link":"https:\/\/pages.pedf.cuni.cz\/pedagogika\/?p=6187","title":{"rendered":"<!--:cs-->\u00dakoly v\u00fdchovy v rozv\u00edjen\u00ed socialistick\u00e9ho v\u011bdom\u00ed d\u011bt\u00ed a ml\u00e1de\u017ee <!--:--><!--:en-->\u00dakoly v\u00fdchovy v rozv\u00edjen\u00ed socialistick\u00e9ho v\u011bdom\u00ed d\u011bt\u00ed a ml\u00e1de\u017ee <!--:-->"},"content":{"rendered":"","protected":false},"excerpt":{"rendered":"","protected":false},"author":360,"featured_media":0,"comment_status":"closed","ping_status":"closed","sticky":false,"template":"","format":"standard","meta":{"footnotes":""},"categories":[10346],"tags":[],"class_list":["post-6187","post","type-post","status-publish","format-standard","hentry","category-10346"],"_links":{"self":[{"href":"https:\/\/pages.pedf.cuni.cz\/pedagogika\/index.php?rest_route=\/wp\/v2\/posts\/6187","targetHints":{"allow":["GET"]}}],"collection":[{"href":"https:\/\/pages.pedf.cuni.cz\/pedagogika\/index.php?rest_route=\/wp\/v2\/posts"}],"about":[{"href":"https:\/\/pages.pedf.cuni.cz\/pedagogika\/index.php?rest_route=\/wp\/v2\/types\/post"}],"author":[{"embeddable":true,"href":"https:\/\/pages.pedf.cuni.cz\/pedagogika\/index.php?rest_route=\/wp\/v2\/users\/360"}],"replies":[{"embeddable":true,"href":"https:\/\/pages.pedf.cuni.cz\/pedagogika\/index.php?rest_route=%2Fwp%2Fv2%2Fcomments&post=6187"}],"version-history":[{"count":0,"href":"https:\/\/pages.pedf.cuni.cz\/pedagogika\/index.php?rest_route=\/wp\/v2\/posts\/6187\/revisions"}],"wp:attachment":[{"href":"https:\/\/pages.pedf.cuni.cz\/pedagogika\/index.php?rest_route=%2Fwp%2Fv2%2Fmedia&parent=6187"}],"wp:term":[{"taxonomy":"category","embeddable":true,"href":"https:\/\/pages.pedf.cuni.cz\/pedagogika\/index.php?rest_route=%2Fwp%2Fv2%2Fcategories&post=6187"},{"taxonomy":"post_tag","embeddable":true,"href":"https:\/\/pages.pedf.cuni.cz\/pedagogika\/index.php?rest_route=%2Fwp%2Fv2%2Ftags&post=6187"}],"curies":[{"name":"wp","href":"https:\/\/api.w.org\/{rel}","templated":true}]}}