{"id":686,"date":"2013-10-17T21:34:42","date_gmt":"2013-10-17T21:34:42","guid":{"rendered":"http:\/\/userweb.pedf.cuni.cz\/wp\/pedagogika\/?p=686"},"modified":"2013-10-17T21:34:42","modified_gmt":"2013-10-17T21:34:42","slug":"zprava-z-mezinarodni-konference-univerzita-maribor-10-13-rijna-2012","status":"publish","type":"post","link":"https:\/\/pages.pedf.cuni.cz\/pedagogika\/?p=686","title":{"rendered":"<!--:cs-->Zpr\u00e1va z mezin\u00e1rodn\u00ed konference, Univerzita Maribor, 10.\u201313. \u0159\u00edjna 2012<!--:--><!--:en-->Report from International Conference, Maribor University, 10th\u201313th October 2012<!--:-->"},"content":{"rendered":"","protected":false},"excerpt":{"rendered":"","protected":false},"author":291,"featured_media":0,"comment_status":"closed","ping_status":"closed","sticky":false,"template":"","format":"standard","meta":{"footnotes":""},"categories":[41083],"tags":[],"class_list":["post-686","post","type-post","status-publish","format-standard","hentry","category-cs4-2012-monoen4-2012-mono"],"_links":{"self":[{"href":"https:\/\/pages.pedf.cuni.cz\/pedagogika\/index.php?rest_route=\/wp\/v2\/posts\/686","targetHints":{"allow":["GET"]}}],"collection":[{"href":"https:\/\/pages.pedf.cuni.cz\/pedagogika\/index.php?rest_route=\/wp\/v2\/posts"}],"about":[{"href":"https:\/\/pages.pedf.cuni.cz\/pedagogika\/index.php?rest_route=\/wp\/v2\/types\/post"}],"author":[{"embeddable":true,"href":"https:\/\/pages.pedf.cuni.cz\/pedagogika\/index.php?rest_route=\/wp\/v2\/users\/291"}],"replies":[{"embeddable":true,"href":"https:\/\/pages.pedf.cuni.cz\/pedagogika\/index.php?rest_route=%2Fwp%2Fv2%2Fcomments&post=686"}],"version-history":[{"count":0,"href":"https:\/\/pages.pedf.cuni.cz\/pedagogika\/index.php?rest_route=\/wp\/v2\/posts\/686\/revisions"}],"wp:attachment":[{"href":"https:\/\/pages.pedf.cuni.cz\/pedagogika\/index.php?rest_route=%2Fwp%2Fv2%2Fmedia&parent=686"}],"wp:term":[{"taxonomy":"category","embeddable":true,"href":"https:\/\/pages.pedf.cuni.cz\/pedagogika\/index.php?rest_route=%2Fwp%2Fv2%2Fcategories&post=686"},{"taxonomy":"post_tag","embeddable":true,"href":"https:\/\/pages.pedf.cuni.cz\/pedagogika\/index.php?rest_route=%2Fwp%2Fv2%2Ftags&post=686"}],"curies":[{"name":"wp","href":"https:\/\/api.w.org\/{rel}","templated":true}]}}