{"id":7719,"date":"2015-01-05T00:54:13","date_gmt":"2015-01-05T00:54:13","guid":{"rendered":"http:\/\/pages.pedf.cuni.cz\/pedagogika\/?p=7719"},"modified":"2015-01-01T10:54:23","modified_gmt":"2015-01-01T10:54:23","slug":"prace-j-v-stalina-o-otazkach-jazykovedy-a-ukoly-vyucovani-jazyku-na-stredni-skole","status":"publish","type":"post","link":"https:\/\/pages.pedf.cuni.cz\/pedagogika\/?p=7719","title":{"rendered":"<!--:cs-->Pr\u00e1ce J. V. Stalina o ot\u00e1zk\u00e1ch jazykov\u011bdy a \u00fakoly vyu\u010dov\u00e1n\u00ed jazyku na st\u0159edn\u00ed \u0161kole<!--:--><!--:en-->Pr\u00e1ce J. V. Stalina o ot\u00e1zk\u00e1ch jazykov\u011bdy a \u00fakoly vyu\u010dov\u00e1n\u00ed jazyku na st\u0159edn\u00ed \u0161kole<!--:-->"},"content":{"rendered":"","protected":false},"excerpt":{"rendered":"","protected":false},"author":359,"featured_media":0,"comment_status":"closed","ping_status":"closed","sticky":false,"template":"","format":"standard","meta":{"footnotes":""},"categories":[16266],"tags":[],"class_list":["post-7719","post","type-post","status-publish","format-standard","hentry","category-9-101951"],"_links":{"self":[{"href":"https:\/\/pages.pedf.cuni.cz\/pedagogika\/index.php?rest_route=\/wp\/v2\/posts\/7719","targetHints":{"allow":["GET"]}}],"collection":[{"href":"https:\/\/pages.pedf.cuni.cz\/pedagogika\/index.php?rest_route=\/wp\/v2\/posts"}],"about":[{"href":"https:\/\/pages.pedf.cuni.cz\/pedagogika\/index.php?rest_route=\/wp\/v2\/types\/post"}],"author":[{"embeddable":true,"href":"https:\/\/pages.pedf.cuni.cz\/pedagogika\/index.php?rest_route=\/wp\/v2\/users\/359"}],"replies":[{"embeddable":true,"href":"https:\/\/pages.pedf.cuni.cz\/pedagogika\/index.php?rest_route=%2Fwp%2Fv2%2Fcomments&post=7719"}],"version-history":[{"count":0,"href":"https:\/\/pages.pedf.cuni.cz\/pedagogika\/index.php?rest_route=\/wp\/v2\/posts\/7719\/revisions"}],"wp:attachment":[{"href":"https:\/\/pages.pedf.cuni.cz\/pedagogika\/index.php?rest_route=%2Fwp%2Fv2%2Fmedia&parent=7719"}],"wp:term":[{"taxonomy":"category","embeddable":true,"href":"https:\/\/pages.pedf.cuni.cz\/pedagogika\/index.php?rest_route=%2Fwp%2Fv2%2Fcategories&post=7719"},{"taxonomy":"post_tag","embeddable":true,"href":"https:\/\/pages.pedf.cuni.cz\/pedagogika\/index.php?rest_route=%2Fwp%2Fv2%2Ftags&post=7719"}],"curies":[{"name":"wp","href":"https:\/\/api.w.org\/{rel}","templated":true}]}}