{"id":8166,"date":"2015-01-05T00:44:48","date_gmt":"2015-01-05T00:44:48","guid":{"rendered":"http:\/\/pages.pedf.cuni.cz\/pedagogika\/?p=8166"},"modified":"2015-01-02T21:09:21","modified_gmt":"2015-01-02T21:09:21","slug":"sucasna-pedagogicka-teoria-a-vychovno-vzdelavacia-prax-v-konfrontacii-s-potrebami-nasej-socialistickej-spolocnosti","status":"publish","type":"post","link":"https:\/\/pages.pedf.cuni.cz\/pedagogika\/?p=8166","title":{"rendered":"<!--:cs-->S\u00fa\u010dasn\u00e1 pedagogick\u00e1 te\u00f3ria a v\u00fdchovno-vzdel\u00e1vacia prax v konfront\u00e1cii s potrebami na\u0161ej socialistickej spolo\u010dnosti<!--:--><!--:en-->S\u00fa\u010dasn\u00e1 pedagogick\u00e1 te\u00f3ria a v\u00fdchovno-vzdel\u00e1vacia prax v konfront\u00e1cii s potrebami na\u0161ej socialistickej spolo\u010dnosti<!--:-->"},"content":{"rendered":"","protected":false},"excerpt":{"rendered":"","protected":false},"author":360,"featured_media":0,"comment_status":"closed","ping_status":"closed","sticky":false,"template":"","format":"standard","meta":{"footnotes":""},"categories":[16285],"tags":[],"class_list":["post-8166","post","type-post","status-publish","format-standard","hentry","category-16285"],"_links":{"self":[{"href":"https:\/\/pages.pedf.cuni.cz\/pedagogika\/index.php?rest_route=\/wp\/v2\/posts\/8166","targetHints":{"allow":["GET"]}}],"collection":[{"href":"https:\/\/pages.pedf.cuni.cz\/pedagogika\/index.php?rest_route=\/wp\/v2\/posts"}],"about":[{"href":"https:\/\/pages.pedf.cuni.cz\/pedagogika\/index.php?rest_route=\/wp\/v2\/types\/post"}],"author":[{"embeddable":true,"href":"https:\/\/pages.pedf.cuni.cz\/pedagogika\/index.php?rest_route=\/wp\/v2\/users\/360"}],"replies":[{"embeddable":true,"href":"https:\/\/pages.pedf.cuni.cz\/pedagogika\/index.php?rest_route=%2Fwp%2Fv2%2Fcomments&post=8166"}],"version-history":[{"count":0,"href":"https:\/\/pages.pedf.cuni.cz\/pedagogika\/index.php?rest_route=\/wp\/v2\/posts\/8166\/revisions"}],"wp:attachment":[{"href":"https:\/\/pages.pedf.cuni.cz\/pedagogika\/index.php?rest_route=%2Fwp%2Fv2%2Fmedia&parent=8166"}],"wp:term":[{"taxonomy":"category","embeddable":true,"href":"https:\/\/pages.pedf.cuni.cz\/pedagogika\/index.php?rest_route=%2Fwp%2Fv2%2Fcategories&post=8166"},{"taxonomy":"post_tag","embeddable":true,"href":"https:\/\/pages.pedf.cuni.cz\/pedagogika\/index.php?rest_route=%2Fwp%2Fv2%2Ftags&post=8166"}],"curies":[{"name":"wp","href":"https:\/\/api.w.org\/{rel}","templated":true}]}}