{"id":672,"date":"2019-04-15T12:01:06","date_gmt":"2019-04-15T10:01:06","guid":{"rendered":"http:\/\/pages.pedf.cuni.cz\/psychorada\/?p=672"},"modified":"2019-04-15T12:01:06","modified_gmt":"2019-04-15T10:01:06","slug":"konference-casp-2019","status":"publish","type":"post","link":"https:\/\/pages.pedf.cuni.cz\/psychorada\/konference-casp-2019\/","title":{"rendered":"Konference \u010cASP 2019"},"content":{"rendered":"<p><em>Text studentky na\u0161\u00ed katedry o XVI. ro\u010dn\u00edku konference \u010cASP. <\/em><\/p>\n<p>Ve dnech 5. &#8211; 7. dubna 2019 se v Olomouci uskute\u010dnil XVI. ro\u010dn\u00edk Konference \u010cASP s\u00a0leto\u0161n\u00edm n\u00e1zvem Cesta k\u00a0sob\u011b. Tato akce byla ur\u010dena pro v\u0161echny, kte\u0159\u00ed se o sob\u011b cht\u011bli dozv\u011bd\u011bt n\u011bco nov\u00e9ho anebo st\u00e1le hledaj\u00ed cestu k\u00a0sob\u011b.<\/p>\n<p><b>\u010cesk\u00e1 asociace student\u016f psychologie<\/b>, z. s. je dobrovoln\u00e1 neziskov\u00e1 asociace student\u016f psychologie p\u016fsob\u00edc\u00ed na \u00fazem\u00ed \u010cesk\u00e9 republiky. Mezi jej\u00ed hlavn\u00ed c\u00edle pat\u0159\u00ed podpora komunikace a spolupr\u00e1ce mezi studenty psychologie, podpora aktivit student\u016f sm\u011b\u0159uj\u00edc\u00edch k \u0161irok\u00e9 ve\u0159ejnosti, rozvoj spolupr\u00e1ce s profesn\u00edmi organizacemi a propagace psychologie a budov\u00e1n\u00ed jej\u00edho dobr\u00e9ho jm\u00e9na. V sou\u010dasn\u00e9 dob\u011b je \u010cASP, z. s. aktivn\u00ed na pobo\u010dk\u00e1ch v\u00a0Praze, Olomouci, Ostrav\u011b a \u010cesk\u00fdch Bud\u011bjovic\u00edch.<\/p>\n<p>Vedle t\u00e9to v\u00fdznamn\u00e9 ud\u00e1losti po\u0159\u00e1d\u00e1 \u010cASP dal\u0161\u00ed kurzy a semin\u00e1\u0159e, kter\u00e9 maj\u00ed za c\u00edl zvy\u0161ovat odbornou zp\u016fsobilost budouc\u00edch psycholog\u016f. Krom\u011b vzd\u011bl\u00e1vac\u00edch akc\u00ed jsou to tak\u00e9 projekty, kter\u00e9 se sna\u017e\u00edme co nejv\u00edce otev\u0159\u00edt ve\u0159ejnosti. U n\u00e1s v\u00a0Praze jsou nejzn\u00e1m\u011bj\u0161\u00ed projekty Psychotalks, \u010cASP Buddy a te\u010f rozj\u00ed\u017ed\u011bj\u00edc\u00ed se Psychobij\u00e1k.<\/p>\n<p>Studenti katedry psychologie Univerzity Palack\u00e9ho v\u00a0Olomouci si pro n\u00e1s na konferenci p\u0159ipravili pestr\u00fd program v\u00a0kr\u00e1sn\u00e9 budov\u011b Star\u00e9ho jezuitsk\u00e9ho konviktu. Tradi\u010dn\u011b se ud\u00e1lost konala od p\u00e1tku do ned\u011ble, kdy p\u00e1tek je v\u017edy koncipov\u00e1n jako studentsk\u00e1 sekce \u2013 odv\u00e1\u017en\u00ed studenti se mohou p\u0159ihl\u00e1sit a prezentovat ostatn\u00edm sv\u016fj projekt, v\u00fdzkum nebo oblast, kter\u00e9 se v\u00a0praxi v\u011bnuj\u00ed. Sobota a ned\u011ble pot\u00e9 pat\u0159ila odborn\u00e9 sekci. Mezi p\u0159edn\u00e1\u0161ej\u00edc\u00edmi se vyskytlo spoustu zn\u00e1m\u00fdch jmen a mezi nimi i zn\u00e1m\u00e9 tv\u00e1\u0159e z\u00a0na\u0161\u00ed katedry \u2013 pan\u00ed docentka Irena Smet\u00e1\u010dkov\u00e1 a pan docent Vladim\u00edr Chrz.<\/p>\n<p>Konference m\u00e1 za c\u00edl pozvat p\u0159edn\u00e1\u0161ej\u00edc\u00ed, kte\u0159\u00ed se odborn\u011b v\u011bnuj\u00ed dan\u00e9 problematice a vytv\u00e1\u0159et na konci podn\u011btn\u00e9 diskuse. Mimo jin\u00e9 bylo tak\u00e9 p\u0159ipraveno n\u011bkolik zaj\u00edmav\u00fdch a interaktivn\u00edch workshop\u016f, ve kter\u00fdch v\u00e1s mohli \u0161kolit jak studovan\u00ed psychologov\u00e9, tak lid\u00e9 z\u00a0p\u0159\u00edbuzn\u00fdch oblast\u00ed. Pro aktivn\u011bj\u0161\u00ed z\u00e1jemce byl p\u0159ipraven i doprovodn\u00fd program v\u00a0podob\u011b QR k\u00f3d\u016f, organizovan\u00e9 prohl\u00eddky m\u011bsta \u010di divadeln\u00edho p\u0159edstaven\u00ed.<\/p>\n<p>Jedn\u00edm z\u00a0hlavn\u00edch c\u00edl\u016f Konference \u010cASP je ale mimo jin\u00e9 i sezn\u00e1men\u00ed se s\u00a0kolegy z\u00a0r\u016fzn\u00fdch kout\u016f na\u0161\u00ed republiky, k\u00a0\u010demu\u017e se p\u0159\u00edmo nab\u00edz\u00ed tradi\u010dn\u00ed galave\u010der spole\u010dn\u011b s\u00a0rautem.<\/p>\n<p><a name=\"_GoBack\"><\/a> P\u0159\u00ed\u0161t\u00ed ro\u010dn\u00edk konference se bude po\u0159\u00e1dat v\u00a0Praze, tak\u017ee douf\u00e1me, \u017ee to bude alespo\u0148 z\u00a0\u010d\u00e1sti tak vyda\u0159en\u00e9 a zaj\u00edmav\u00e9, jako letos v\u00a0Olomouci. Pokud by se mezi v\u00e1mi na\u0161li z\u00e1jemci a cht\u011bli byste b\u00fdt v\u00a0organiza\u010dn\u00edm t\u00fdmu, ur\u010dit\u011b nev\u00e1hejte a ozv\u011bte se n\u00e1m. Z\u00edsk\u00e1te tak ur\u010dit\u011b spoustu zku\u0161enost\u00ed a mo\u017enost setkat se zaj\u00edmav\u00fdmi lidmi. To sam\u00e9 se t\u00fdk\u00e1 i jin\u00fdch projekt\u016f, st\u00e1le hled\u00e1me aktivn\u00ed nad\u0161ence, kte\u0159\u00ed se cht\u011bj\u00ed realizovat a pod\u00edlet na chodu na\u0161\u00ed asociace.<\/p>\n<p>Kontakt a v\u00edce informac\u00ed najdete na <span style=\"color: #0000ff\"><u><a href=\"https:\/\/caspos.cz\/\">https:\/\/caspos.cz\/<\/a><\/u><\/span> nebo na <span style=\"color: #0000ff\"><u><a href=\"https:\/\/konferencecasp.cz\/\">https:\/\/konferencecasp.cz\/<\/a><\/u><\/span><\/p>\n<p>za ak\u010dn\u00ed t\u00fdm \u010cASP,<\/p>\n<p>Ad\u00e9la J\u016fvov\u00e1<br \/>\n3.ro\u010dn\u00edk Psychologie a Speci\u00e1ln\u00ed pedagogiky<\/p>\n","protected":false},"excerpt":{"rendered":"<p>Text studentky na\u0161\u00ed katedry o XVI. ro\u010dn\u00edku konference \u010cASP. Ve dnech 5. &#8211; 7. dubna 2019 se v Olomouci uskute\u010dnil XVI. ro\u010dn\u00edk Konference \u010cASP s\u00a0leto\u0161n\u00edm n\u00e1zvem Cesta k\u00a0sob\u011b. Tato akce byla ur\u010dena pro v\u0161echny, kte\u0159\u00ed se o sob\u011b cht\u011bli dozv\u011bd\u011bt n\u011bco nov\u00e9ho anebo st\u00e1le hledaj\u00ed cestu k\u00a0sob\u011b. \u010cesk\u00e1 asociace student\u016f psychologie, z. s. je dobrovoln\u00e1 [&hellip;]<\/p>\n","protected":false},"author":431,"featured_media":0,"comment_status":"closed","ping_status":"closed","sticky":false,"template":"","format":"standard","meta":{"footnotes":""},"categories":[4626],"tags":[],"class_list":["post-672","post","type-post","status-publish","format-standard","hentry","category-aktuality"],"_links":{"self":[{"href":"https:\/\/pages.pedf.cuni.cz\/psychorada\/wp-json\/wp\/v2\/posts\/672","targetHints":{"allow":["GET"]}}],"collection":[{"href":"https:\/\/pages.pedf.cuni.cz\/psychorada\/wp-json\/wp\/v2\/posts"}],"about":[{"href":"https:\/\/pages.pedf.cuni.cz\/psychorada\/wp-json\/wp\/v2\/types\/post"}],"author":[{"embeddable":true,"href":"https:\/\/pages.pedf.cuni.cz\/psychorada\/wp-json\/wp\/v2\/users\/431"}],"replies":[{"embeddable":true,"href":"https:\/\/pages.pedf.cuni.cz\/psychorada\/wp-json\/wp\/v2\/comments?post=672"}],"version-history":[{"count":1,"href":"https:\/\/pages.pedf.cuni.cz\/psychorada\/wp-json\/wp\/v2\/posts\/672\/revisions"}],"predecessor-version":[{"id":673,"href":"https:\/\/pages.pedf.cuni.cz\/psychorada\/wp-json\/wp\/v2\/posts\/672\/revisions\/673"}],"wp:attachment":[{"href":"https:\/\/pages.pedf.cuni.cz\/psychorada\/wp-json\/wp\/v2\/media?parent=672"}],"wp:term":[{"taxonomy":"category","embeddable":true,"href":"https:\/\/pages.pedf.cuni.cz\/psychorada\/wp-json\/wp\/v2\/categories?post=672"},{"taxonomy":"post_tag","embeddable":true,"href":"https:\/\/pages.pedf.cuni.cz\/psychorada\/wp-json\/wp\/v2\/tags?post=672"}],"curies":[{"name":"wp","href":"https:\/\/api.w.org\/{rel}","templated":true}]}}