{"id":169,"date":"2020-02-27T12:42:17","date_gmt":"2020-02-27T11:42:17","guid":{"rendered":"http:\/\/pages.pedf.cuni.cz\/skolpsy\/?p=169"},"modified":"2022-05-09T21:46:16","modified_gmt":"2022-05-09T19:46:16","slug":"ohlednuti-za-letosnim-rocnikem-konference-6-2-2020","status":"publish","type":"post","link":"https:\/\/pages.pedf.cuni.cz\/skolpsy\/ohlednuti-za-letosnim-rocnikem-konference-6-2-2020\/","title":{"rendered":"Ohl\u00e9dnut\u00ed za minul\u00fdm ro\u010dn\u00edkem konference &#8211; 6.2.2020"},"content":{"rendered":"<p><strong>Den se \u0161koln\u00ed psychologi\u00ed 2020<\/strong><\/p>\n<div id='gallery-1' class='gallery galleryid-169 gallery-columns-3 gallery-size-medium'><figure class='gallery-item'>\n\t\t\t<div class='gallery-icon landscape'>\n\t\t\t\t<a href='https:\/\/pages.pedf.cuni.cz\/skolpsy\/ohlednuti-za-letosnim-rocnikem-konference-6-2-2020\/_d854526\/'><img loading=\"lazy\" decoding=\"async\" width=\"300\" height=\"200\" src=\"https:\/\/pages.pedf.cuni.cz\/skolpsy\/files\/2020\/02\/D854526-300x200.jpg\" class=\"attachment-medium size-medium\" alt=\"\" srcset=\"https:\/\/pages.pedf.cuni.cz\/skolpsy\/files\/2020\/02\/D854526-300x200.jpg 300w, https:\/\/pages.pedf.cuni.cz\/skolpsy\/files\/2020\/02\/D854526-1024x683.jpg 1024w, https:\/\/pages.pedf.cuni.cz\/skolpsy\/files\/2020\/02\/D854526-768x512.jpg 768w, https:\/\/pages.pedf.cuni.cz\/skolpsy\/files\/2020\/02\/D854526-1536x1024.jpg 1536w, https:\/\/pages.pedf.cuni.cz\/skolpsy\/files\/2020\/02\/D854526-2048x1365.jpg 2048w\" sizes=\"auto, (max-width: 300px) 100vw, 300px\" \/><\/a>\n\t\t\t<\/div><\/figure><figure class='gallery-item'>\n\t\t\t<div class='gallery-icon landscape'>\n\t\t\t\t<a href='https:\/\/pages.pedf.cuni.cz\/skolpsy\/ohlednuti-za-letosnim-rocnikem-konference-6-2-2020\/_d854542\/'><img loading=\"lazy\" decoding=\"async\" width=\"300\" height=\"200\" src=\"https:\/\/pages.pedf.cuni.cz\/skolpsy\/files\/2020\/02\/D854542-300x200.jpg\" class=\"attachment-medium size-medium\" alt=\"\" srcset=\"https:\/\/pages.pedf.cuni.cz\/skolpsy\/files\/2020\/02\/D854542-300x200.jpg 300w, https:\/\/pages.pedf.cuni.cz\/skolpsy\/files\/2020\/02\/D854542-1024x683.jpg 1024w, https:\/\/pages.pedf.cuni.cz\/skolpsy\/files\/2020\/02\/D854542-768x512.jpg 768w, https:\/\/pages.pedf.cuni.cz\/skolpsy\/files\/2020\/02\/D854542-1536x1024.jpg 1536w, https:\/\/pages.pedf.cuni.cz\/skolpsy\/files\/2020\/02\/D854542-2048x1365.jpg 2048w\" sizes=\"auto, (max-width: 300px) 100vw, 300px\" \/><\/a>\n\t\t\t<\/div><\/figure><figure class='gallery-item'>\n\t\t\t<div class='gallery-icon landscape'>\n\t\t\t\t<a href='https:\/\/pages.pedf.cuni.cz\/skolpsy\/ohlednuti-za-letosnim-rocnikem-konference-6-2-2020\/_d854565\/'><img loading=\"lazy\" decoding=\"async\" width=\"300\" height=\"200\" src=\"https:\/\/pages.pedf.cuni.cz\/skolpsy\/files\/2020\/02\/D854565-300x200.jpg\" class=\"attachment-medium size-medium\" alt=\"\" srcset=\"https:\/\/pages.pedf.cuni.cz\/skolpsy\/files\/2020\/02\/D854565-300x200.jpg 300w, https:\/\/pages.pedf.cuni.cz\/skolpsy\/files\/2020\/02\/D854565-1024x683.jpg 1024w, https:\/\/pages.pedf.cuni.cz\/skolpsy\/files\/2020\/02\/D854565-768x512.jpg 768w, https:\/\/pages.pedf.cuni.cz\/skolpsy\/files\/2020\/02\/D854565-1536x1024.jpg 1536w, https:\/\/pages.pedf.cuni.cz\/skolpsy\/files\/2020\/02\/D854565-2048x1365.jpg 2048w\" sizes=\"auto, (max-width: 300px) 100vw, 300px\" \/><\/a>\n\t\t\t<\/div><\/figure><figure class='gallery-item'>\n\t\t\t<div class='gallery-icon landscape'>\n\t\t\t\t<a href='https:\/\/pages.pedf.cuni.cz\/skolpsy\/ohlednuti-za-letosnim-rocnikem-konference-6-2-2020\/_d854588\/'><img loading=\"lazy\" decoding=\"async\" width=\"300\" height=\"200\" src=\"https:\/\/pages.pedf.cuni.cz\/skolpsy\/files\/2020\/02\/D854588-300x200.jpg\" class=\"attachment-medium size-medium\" alt=\"\" srcset=\"https:\/\/pages.pedf.cuni.cz\/skolpsy\/files\/2020\/02\/D854588-300x200.jpg 300w, https:\/\/pages.pedf.cuni.cz\/skolpsy\/files\/2020\/02\/D854588-1024x683.jpg 1024w, https:\/\/pages.pedf.cuni.cz\/skolpsy\/files\/2020\/02\/D854588-768x512.jpg 768w, https:\/\/pages.pedf.cuni.cz\/skolpsy\/files\/2020\/02\/D854588-1536x1024.jpg 1536w, https:\/\/pages.pedf.cuni.cz\/skolpsy\/files\/2020\/02\/D854588-2048x1365.jpg 2048w\" sizes=\"auto, (max-width: 300px) 100vw, 300px\" \/><\/a>\n\t\t\t<\/div><\/figure><figure class='gallery-item'>\n\t\t\t<div class='gallery-icon landscape'>\n\t\t\t\t<a href='https:\/\/pages.pedf.cuni.cz\/skolpsy\/ohlednuti-za-letosnim-rocnikem-konference-6-2-2020\/_d854604\/'><img loading=\"lazy\" decoding=\"async\" width=\"300\" height=\"200\" src=\"https:\/\/pages.pedf.cuni.cz\/skolpsy\/files\/2020\/02\/D854604-300x200.jpg\" class=\"attachment-medium size-medium\" alt=\"\" srcset=\"https:\/\/pages.pedf.cuni.cz\/skolpsy\/files\/2020\/02\/D854604-300x200.jpg 300w, https:\/\/pages.pedf.cuni.cz\/skolpsy\/files\/2020\/02\/D854604-1024x683.jpg 1024w, https:\/\/pages.pedf.cuni.cz\/skolpsy\/files\/2020\/02\/D854604-768x512.jpg 768w, https:\/\/pages.pedf.cuni.cz\/skolpsy\/files\/2020\/02\/D854604-1536x1024.jpg 1536w, https:\/\/pages.pedf.cuni.cz\/skolpsy\/files\/2020\/02\/D854604-2048x1365.jpg 2048w\" sizes=\"auto, (max-width: 300px) 100vw, 300px\" \/><\/a>\n\t\t\t<\/div><\/figure>\n\t\t<\/div>\n\n<p>Na Kated\u0159e psychologie PedF UK prob\u011bhl 6. 2. 2020 ji\u017e t\u0159et\u00ed ro\u010dn\u00edk Dne se \u0161koln\u00ed psychologi\u00ed. Jsme velmi r\u00e1di, \u017ee ji\u017e tedy m\u016f\u017eeme za\u010d\u00edt mluvit o tradici konference \u010di setk\u00e1v\u00e1n\u00ed, kde se propojuj\u00ed akademick\u00e9 p\u0159\u00edstupy a pohledy z\u00a0praxe t\u00fdkaj\u00edc\u00ed se pr\u00e1ce \u0161koln\u00edch psycholog\u016f. Leto\u0161n\u00edho ro\u010dn\u00edku se z\u00fa\u010dastnilo bezm\u00e1la 90 \u0161koln\u00edch psycholog\u016f, \u0161koln\u00edch speci\u00e1ln\u00edch pedagog\u016f i psycholog\u016f z\u00a0pedagogicko-psychologick\u00fdch poraden a speci\u00e1ln\u011b-pedagogick\u00fdch center. Velmi si v\u00e1\u017e\u00edme i toho, \u017ee se velk\u00e1 \u010d\u00e1st \u00fa\u010dastn\u00edk\u016f vrac\u00ed, tedy byli ji\u017e na dvou nebo dokonce v\u0161ech t\u0159ech konferenc\u00edch. Pova\u017eujeme to za z\u00e1vazek pokra\u010dovat d\u00e1le a roz\u0161i\u0159ovat nab\u00eddku semin\u00e1\u0159\u016f pro \u0161koln\u00ed psychology i v\u00a0r\u00e1mci kurz\u016f celo\u017eivotn\u00edho vzd\u011bl\u00e1v\u00e1n\u00ed po\u0159\u00e1dan\u00fdch na\u0161\u00ed katedrou.<\/p>\n<p>Tento ro\u010dn\u00edk byl v\u011bnov\u00e1n \u017e\u00e1k\u016fm a jejich variabilit\u011b a reflektoval aktu\u00e1ln\u00ed probl\u00e9my a trendy v\u00a0poradenstv\u00ed a vzd\u011bl\u00e1v\u00e1n\u00ed. Aktu\u00e1lnost t\u00e9matu byla patrn\u00e1 z\u00a0p\u0159\u00edsp\u011bvk\u016f psycholog\u016f z\u00a0praxe akcentuj\u00edc\u00edch obt\u00ed\u017ee adaptace vzd\u011bl\u00e1vac\u00edho syst\u00e9mu, \u0161kol a u\u010ditel\u016f na nar\u016fstaj\u00edc\u00ed variabilitu \u017e\u00e1k\u016f, ale i ze zp\u011btn\u00fdch vazeb \u00fa\u010dastn\u00edk\u016f, kde se opakovan\u011b objevovaly \u017e\u00e1dosti o dal\u0161\u00ed semin\u00e1\u0159e t\u00fdkaj\u00edc\u00ed se specifick\u00fdch skupin \u017e\u00e1k\u016f.<\/p>\n<p>Mezi hlavn\u00ed t\u00e9mata, kter\u00e1 by podle \u00fa\u010dastn\u00edk\u016f zaslou\u017eila dal\u0161\u00ed semin\u00e1\u0159e a workshopy, pat\u0159\u00ed \u017e\u00e1ci s\u00a0poruchou autistick\u00e9ho spektra, \u017e\u00e1ci s\u00a0psychiatrickou diagn\u00f3zou nebo \u017e\u00e1ci v\u00a0n\u00e1ro\u010dn\u00e9 \u017eivotn\u00ed situaci (po pro\u017eit\u00e9m traumatu). Uveden\u00e9 podn\u011bty zohledn\u00edme v\u00a0r\u00e1mci dal\u0161\u00edch aktivit Katedry psychologie PedF UK zam\u011b\u0159en\u00fdch na propojov\u00e1n\u00ed teorie a praxe. D\u011bkujeme v\u0161em za \u00fa\u010dast a budeme se t\u011b\u0161it nejen na dal\u0161\u00ed ro\u010dn\u00edk Dne se \u0161koln\u00ed psychologi\u00ed, ale i na dal\u0161\u00ed mo\u017enosti setk\u00e1v\u00e1n\u00ed s\u00a0kolegy z\u00a0praxe!<\/p>\n","protected":false},"excerpt":{"rendered":"<p>Den se \u0161koln\u00ed psychologi\u00ed 2020 Na Kated\u0159e psychologie PedF UK prob\u011bhl 6. 2. 2020 ji\u017e t\u0159et\u00ed ro\u010dn\u00edk Dne se \u0161koln\u00ed psychologi\u00ed. Jsme velmi r\u00e1di, \u017ee ji\u017e tedy m\u016f\u017eeme za\u010d\u00edt mluvit o tradici konference \u010di setk\u00e1v\u00e1n\u00ed, kde se propojuj\u00ed akademick\u00e9 p\u0159\u00edstupy<\/p>\n","protected":false},"author":447,"featured_media":0,"comment_status":"closed","ping_status":"closed","sticky":false,"template":"","format":"gallery","meta":{"footnotes":""},"categories":[4626],"tags":[],"class_list":["post-169","post","type-post","status-publish","format-gallery","hentry","category-aktuality","post_format-post-format-gallery"],"_links":{"self":[{"href":"https:\/\/pages.pedf.cuni.cz\/skolpsy\/wp-json\/wp\/v2\/posts\/169","targetHints":{"allow":["GET"]}}],"collection":[{"href":"https:\/\/pages.pedf.cuni.cz\/skolpsy\/wp-json\/wp\/v2\/posts"}],"about":[{"href":"https:\/\/pages.pedf.cuni.cz\/skolpsy\/wp-json\/wp\/v2\/types\/post"}],"author":[{"embeddable":true,"href":"https:\/\/pages.pedf.cuni.cz\/skolpsy\/wp-json\/wp\/v2\/users\/447"}],"replies":[{"embeddable":true,"href":"https:\/\/pages.pedf.cuni.cz\/skolpsy\/wp-json\/wp\/v2\/comments?post=169"}],"version-history":[{"count":3,"href":"https:\/\/pages.pedf.cuni.cz\/skolpsy\/wp-json\/wp\/v2\/posts\/169\/revisions"}],"predecessor-version":[{"id":193,"href":"https:\/\/pages.pedf.cuni.cz\/skolpsy\/wp-json\/wp\/v2\/posts\/169\/revisions\/193"}],"wp:attachment":[{"href":"https:\/\/pages.pedf.cuni.cz\/skolpsy\/wp-json\/wp\/v2\/media?parent=169"}],"wp:term":[{"taxonomy":"category","embeddable":true,"href":"https:\/\/pages.pedf.cuni.cz\/skolpsy\/wp-json\/wp\/v2\/categories?post=169"},{"taxonomy":"post_tag","embeddable":true,"href":"https:\/\/pages.pedf.cuni.cz\/skolpsy\/wp-json\/wp\/v2\/tags?post=169"}],"curies":[{"name":"wp","href":"https:\/\/api.w.org\/{rel}","templated":true}]}}