{"id":3651,"date":"2017-12-15T13:00:27","date_gmt":"2017-12-15T12:00:27","guid":{"rendered":"http:\/\/pages.pedf.cuni.cz\/uvrv\/?p=3651"},"modified":"2017-12-21T08:32:45","modified_gmt":"2017-12-21T07:32:45","slug":"pridana-hodnota-viceletych-gymnazii","status":"publish","type":"post","link":"https:\/\/pages.pedf.cuni.cz\/uvrv\/2017\/12\/15\/pridana-hodnota-viceletych-gymnazii\/","title":{"rendered":"P\u0159idan\u00e1 hodnota v\u00edcelet\u00fdch gymn\u00e1zi\u00ed: zji\u0161t\u011bn\u00ed z v\u00fdzkumu CLoSE"},"content":{"rendered":"<p>Dne 15. 12. 2017 prob\u011bhla ve\u0159ejn\u00e1 panelov\u00e1 diskuze <a href=\"https:\/\/www.pedf.cuni.cz\/PEDF-61.html?event=16206&amp;lang=cz\">P\u0159idan\u00e1 hodnota v\u00edcelet\u00fdch gymn\u00e1zi\u00ed &#8211; zji\u0161t\u011bn\u00ed z v\u00fdzkumu CLoSE<\/a>.<\/p>\n<p><strong>Tiskov\u00e1 zpr\u00e1va z akce je dostupn\u00e1 <a href=\"https:\/\/pages.pedf.cuni.cz\/uvrv\/files\/2017\/12\/TZ_CLoSE2017pridana_hodnotaVG_final.pdf\">zde<\/a>.<\/strong><\/p>\n<p><strong>Fotografie z\u00a0akce naleznete <a href=\"https:\/\/pages.pedf.cuni.cz\/uvrv\/fotogalerie-pridana-hodnota-viceletych-gymnazii-zjisteni-z-vyzkumu-close\/\">zde<\/a>.<\/strong><\/p>\n<p><strong>Videoz\u00e1znam z akce naleznete <a href=\"https:\/\/www.youtube.com\/watch?v=IRwx_RQHNr0\">zde<\/a>.<\/strong><\/p>\n","protected":false},"excerpt":{"rendered":"<p>Dne 15. 12. 2017 prob\u011bhla ve\u0159ejn\u00e1 panelov\u00e1 diskuze P\u0159idan\u00e1 hodnota v\u00edcelet\u00fdch gymn\u00e1zi\u00ed &#8211; zji\u0161t\u011bn\u00ed z v\u00fdzkumu CLoSE. Tiskov\u00e1 zpr\u00e1va z akce je dostupn\u00e1 zde. Fotografie z\u00a0akce naleznete zde. Videoz\u00e1znam z akce naleznete zde.<\/p>\n","protected":false},"author":387,"featured_media":0,"comment_status":"closed","ping_status":"closed","sticky":false,"template":"","format":"standard","meta":{"_monsterinsights_skip_tracking":false,"_monsterinsights_sitenote_active":false,"_monsterinsights_sitenote_note":"","_monsterinsights_sitenote_category":0,"footnotes":""},"categories":[11031],"tags":[],"class_list":["post-3651","post","type-post","status-publish","format-standard","hentry","category-s8-projekty","category-11031-id","post-seq-1","post-parity-odd","meta-position-corners","fix"],"_links":{"self":[{"href":"https:\/\/pages.pedf.cuni.cz\/uvrv\/wp-json\/wp\/v2\/posts\/3651","targetHints":{"allow":["GET"]}}],"collection":[{"href":"https:\/\/pages.pedf.cuni.cz\/uvrv\/wp-json\/wp\/v2\/posts"}],"about":[{"href":"https:\/\/pages.pedf.cuni.cz\/uvrv\/wp-json\/wp\/v2\/types\/post"}],"author":[{"embeddable":true,"href":"https:\/\/pages.pedf.cuni.cz\/uvrv\/wp-json\/wp\/v2\/users\/387"}],"replies":[{"embeddable":true,"href":"https:\/\/pages.pedf.cuni.cz\/uvrv\/wp-json\/wp\/v2\/comments?post=3651"}],"version-history":[{"count":11,"href":"https:\/\/pages.pedf.cuni.cz\/uvrv\/wp-json\/wp\/v2\/posts\/3651\/revisions"}],"predecessor-version":[{"id":3933,"href":"https:\/\/pages.pedf.cuni.cz\/uvrv\/wp-json\/wp\/v2\/posts\/3651\/revisions\/3933"}],"wp:attachment":[{"href":"https:\/\/pages.pedf.cuni.cz\/uvrv\/wp-json\/wp\/v2\/media?parent=3651"}],"wp:term":[{"taxonomy":"category","embeddable":true,"href":"https:\/\/pages.pedf.cuni.cz\/uvrv\/wp-json\/wp\/v2\/categories?post=3651"},{"taxonomy":"post_tag","embeddable":true,"href":"https:\/\/pages.pedf.cuni.cz\/uvrv\/wp-json\/wp\/v2\/tags?post=3651"}],"curies":[{"name":"wp","href":"https:\/\/api.w.org\/{rel}","templated":true}]}}