{"id":7011,"date":"2024-11-18T11:00:00","date_gmt":"2024-11-18T10:00:00","guid":{"rendered":"https:\/\/pages.pedf.cuni.cz\/uvrv\/?p=7011"},"modified":"2024-12-07T17:16:23","modified_gmt":"2024-12-07T16:16:23","slug":"novi-docenti-oboru-pedagogika-slavnostne-jmenovani-na-univerzite-karlove","status":"publish","type":"post","link":"https:\/\/pages.pedf.cuni.cz\/uvrv\/2024\/11\/18\/novi-docenti-oboru-pedagogika-slavnostne-jmenovani-na-univerzite-karlove\/","title":{"rendered":"Nov\u00ed docenti oboru Pedagogika slavnostn\u011b jmenov\u00e1ni na Univerzit\u011b Karlov\u011b"},"content":{"rendered":"\n<div class=\"wp-block-columns is-layout-flex wp-container-core-columns-is-layout-9d6595d7 wp-block-columns-is-layout-flex\">\n<div class=\"wp-block-column is-layout-flow wp-block-column-is-layout-flow\" style=\"flex-basis:40%\">\n<figure class=\"wp-block-image size-large\"><a href=\"https:\/\/pages.pedf.cuni.cz\/uvrv\/files\/2024\/12\/Ceremonie_habilitace_Chval_Stastny-scaled.jpg\"><img loading=\"lazy\" decoding=\"async\" width=\"683\" height=\"1024\" src=\"https:\/\/pages.pedf.cuni.cz\/uvrv\/files\/2024\/12\/Ceremonie_habilitace_Chval_Stastny-683x1024.jpg\" alt=\"\" class=\"wp-image-7012\" srcset=\"https:\/\/pages.pedf.cuni.cz\/uvrv\/files\/2024\/12\/Ceremonie_habilitace_Chval_Stastny-683x1024.jpg 683w, https:\/\/pages.pedf.cuni.cz\/uvrv\/files\/2024\/12\/Ceremonie_habilitace_Chval_Stastny-200x300.jpg 200w, https:\/\/pages.pedf.cuni.cz\/uvrv\/files\/2024\/12\/Ceremonie_habilitace_Chval_Stastny-768x1152.jpg 768w, https:\/\/pages.pedf.cuni.cz\/uvrv\/files\/2024\/12\/Ceremonie_habilitace_Chval_Stastny-1024x1536.jpg 1024w, https:\/\/pages.pedf.cuni.cz\/uvrv\/files\/2024\/12\/Ceremonie_habilitace_Chval_Stastny-1365x2048.jpg 1365w, https:\/\/pages.pedf.cuni.cz\/uvrv\/files\/2024\/12\/Ceremonie_habilitace_Chval_Stastny-scaled.jpg 1707w\" sizes=\"auto, (max-width: 683px) 100vw, 683px\" \/><\/a><figcaption class=\"wp-element-caption\"><strong>Nov\u011b habilitovan\u00ed docenti p\u0159evzali sv\u00e9 jmenovac\u00ed dekrety<\/strong><\/figcaption><\/figure>\n<\/div>\n\n\n\n<div class=\"wp-block-column is-layout-flow wp-block-column-is-layout-flow\" style=\"flex-basis:66.66%\">\n<div data-ogsc=\"black\" data-olk-copy-source=\"MessageBody\">\u00dastav v\u00fdzkumu a rozvoje vzd\u011bl\u00e1v\u00e1n\u00ed m\u00e1 dva nov\u00e9 docenty v oboru Pedagogika:<\/div>\n<ul>\n<li><b data-ogsc=\"\"><a id=\"LPlnk\" title=\"https:\/\/pages.pedf.cuni.cz\/uvrv\/martin-chval\/\" href=\"https:\/\/pages.pedf.cuni.cz\/uvrv\/martin-chval\/\" data-auth=\"NotApplicable\" data-linkindex=\"0\" data-ogsc=\"\">doc. PhDr. Martin Chv\u00e1l, Ph.D.<\/a>\u00a0<\/b>(habilita\u010dn\u00ed pr\u00e1ce\u00a0<a id=\"LPlnk\" title=\"https:\/\/pages.pedf.cuni.cz\/uvrv\/publikace\/metodologie-autoevaluace-skoly-2024\/\" href=\"https:\/\/pages.pedf.cuni.cz\/uvrv\/publikace\/metodologie-autoevaluace-skoly-2024\/\" data-auth=\"NotApplicable\" data-linkindex=\"1\" data-ogsc=\"\">Metodologie autoevaluace \u0161koly<\/a>)<\/li>\n<li><span data-ogsc=\"\" data-ogsb=\"white\"><b data-ogsc=\"\"><a id=\"OWAe5676a5b-c899-bb6f-d3bb-01d3152da9ab\" title=\"https:\/\/pages.pedf.cuni.cz\/uvrv\/vitstastny\/\" href=\"https:\/\/pages.pedf.cuni.cz\/uvrv\/vitstastny\/\" data-auth=\"NotApplicable\" data-linkindex=\"2\" data-ogsc=\"\">doc. PhDr. V\u00edt \u0160\u0165astn\u00fd, Ph.D.<\/a>\u00a0<\/b>(habilita\u010dn\u00ed pr\u00e1ce\u00a0<a id=\"OWAbce810af-b941-9c86-47f1-a85737cc3f2d\" title=\"https:\/\/pages.pedf.cuni.cz\/uvrv\/publikace\/expanze-a-diverzita-stinoveho-vzdelavani-2024\/\" href=\"https:\/\/pages.pedf.cuni.cz\/uvrv\/publikace\/expanze-a-diverzita-stinoveho-vzdelavani-2024\/\" data-auth=\"NotApplicable\" data-linkindex=\"3\" data-ogsc=\"\" data-ogsb=\"white\">Expanze a diverzita st\u00ednov\u00e9ho vzd\u011bl\u00e1v\u00e1n\u00ed<\/a>)<\/span><\/li>\n<\/ul>\n<div data-ogsc=\"black\">Jmenovac\u00ed dekrety si p\u0159evzali <b>15. listopadu 2024<\/b>\u00a0z rukou rektorky Univerzity Karlovy prof. MUDr. Mileny Kr\u00e1l\u00ed\u010dkov\u00e9, Ph.D. p\u0159i slavnostn\u00edm setk\u00e1n\u00ed v Karolinu.<\/div>\n<div data-ogsc=\"black\">Srde\u010dn\u011b ob\u011bma docent\u016fm blahop\u0159ejeme a p\u0159ejeme jim mnoho \u00fasp\u011bch\u016f v jejich dal\u0161\u00ed v\u011bdeck\u00e9 a pedagogick\u00e9 \u010dinnosti.<\/div>\n<\/div>\n<\/div>\n\n\n\n<p><\/p>\n","protected":false},"excerpt":{"rendered":"<p>\u00dastav v\u00fdzkumu a rozvoje vzd\u011bl\u00e1v\u00e1n\u00ed m\u00e1 dva nov\u00e9 docenty v oboru Pedagogika: doc. PhDr. Martin Chv\u00e1l, Ph.D.\u00a0(habilita\u010dn\u00ed pr\u00e1ce\u00a0Metodologie autoevaluace \u0161koly) doc. PhDr. V\u00edt \u0160\u0165astn\u00fd, Ph.D.\u00a0(habilita\u010dn\u00ed pr\u00e1ce\u00a0Expanze a diverzita st\u00ednov\u00e9ho vzd\u011bl\u00e1v\u00e1n\u00ed) Jmenovac\u00ed dekrety si p\u0159evzali 15. listopadu 2024\u00a0z rukou rektorky Univerzity Karlovy prof. MUDr. Mileny Kr\u00e1l\u00ed\u010dkov\u00e9, Ph.D. p\u0159i slavnostn\u00edm setk\u00e1n\u00ed v Karolinu. Srde\u010dn\u011b ob\u011bma docent\u016fm blahop\u0159ejeme <a href='https:\/\/pages.pedf.cuni.cz\/uvrv\/2024\/11\/18\/novi-docenti-oboru-pedagogika-slavnostne-jmenovani-na-univerzite-karlove\/' class='excerpt-more'>[&#8230;]<\/a><\/p>\n","protected":false},"author":965,"featured_media":0,"comment_status":"closed","ping_status":"closed","sticky":false,"template":"","format":"standard","meta":{"_monsterinsights_skip_tracking":false,"_monsterinsights_sitenote_active":false,"_monsterinsights_sitenote_note":"","_monsterinsights_sitenote_category":0,"footnotes":""},"categories":[4626,11033],"tags":[],"class_list":["post-7011","post","type-post","status-publish","format-standard","hentry","category-aktuality","category-s7-pracovnici","category-4626-id","category-11033-id","post-seq-1","post-parity-odd","meta-position-corners","fix"],"_links":{"self":[{"href":"https:\/\/pages.pedf.cuni.cz\/uvrv\/wp-json\/wp\/v2\/posts\/7011","targetHints":{"allow":["GET"]}}],"collection":[{"href":"https:\/\/pages.pedf.cuni.cz\/uvrv\/wp-json\/wp\/v2\/posts"}],"about":[{"href":"https:\/\/pages.pedf.cuni.cz\/uvrv\/wp-json\/wp\/v2\/types\/post"}],"author":[{"embeddable":true,"href":"https:\/\/pages.pedf.cuni.cz\/uvrv\/wp-json\/wp\/v2\/users\/965"}],"replies":[{"embeddable":true,"href":"https:\/\/pages.pedf.cuni.cz\/uvrv\/wp-json\/wp\/v2\/comments?post=7011"}],"version-history":[{"count":4,"href":"https:\/\/pages.pedf.cuni.cz\/uvrv\/wp-json\/wp\/v2\/posts\/7011\/revisions"}],"predecessor-version":[{"id":7021,"href":"https:\/\/pages.pedf.cuni.cz\/uvrv\/wp-json\/wp\/v2\/posts\/7011\/revisions\/7021"}],"wp:attachment":[{"href":"https:\/\/pages.pedf.cuni.cz\/uvrv\/wp-json\/wp\/v2\/media?parent=7011"}],"wp:term":[{"taxonomy":"category","embeddable":true,"href":"https:\/\/pages.pedf.cuni.cz\/uvrv\/wp-json\/wp\/v2\/categories?post=7011"},{"taxonomy":"post_tag","embeddable":true,"href":"https:\/\/pages.pedf.cuni.cz\/uvrv\/wp-json\/wp\/v2\/tags?post=7011"}],"curies":[{"name":"wp","href":"https:\/\/api.w.org\/{rel}","templated":true}]}}