{"id":7057,"date":"2025-02-17T09:48:11","date_gmt":"2025-02-17T08:48:11","guid":{"rendered":"https:\/\/pages.pedf.cuni.cz\/uvrv\/?p=7057"},"modified":"2025-02-17T09:48:13","modified_gmt":"2025-02-17T08:48:13","slug":"seminar-z-psychometrie","status":"publish","type":"post","link":"https:\/\/pages.pedf.cuni.cz\/uvrv\/2025\/02\/17\/seminar-z-psychometrie\/","title":{"rendered":"Semin\u00e1\u0159 z psychometrie"},"content":{"rendered":"<p>V\u00e1\u017een\u00ed,<\/p>\n<p>v leto\u0161n\u00edm roce je op\u011bt otev\u0159en Semin\u00e1\u0159 z psychometrie, viz <a title=\"https:\/\/www.cs.cas.cz\/martinkova\/seminar.html\" href=\"https:\/\/www.cs.cas.cz\/martinkova\/seminar.html\" data-auth=\"NotApplicable\" data-linkindex=\"0\" data-ogsc=\"\">https:\/\/www.cs.cas.cz\/martinkova\/seminar.html<\/a><br \/><br \/>Semin\u00e1\u0159 se bude konat v pond\u011blky od 16 hodin v zasedac\u00ed m\u00edstnosti 318 na \u00dastavu informatiky AV \u010cR (Pod Vod\u00e1renskou v\u011b\u017e\u00ed 2) s mo\u017enost\u00ed p\u0159ipojit se p\u0159es Zoom. Prvn\u00ed setk\u00e1n\u00ed se uskute\u010dn\u00ed v pond\u011bl\u00ed 24. \u00fanora.<br \/><br \/>Semin\u00e1\u0159 p\u0159edstavuje sou\u010dasn\u00e1 t\u00e9mata z psychometrie a statistick\u00e9 metody pou\u017e\u00edvan\u00e9 v anal\u00fdze znalostn\u00edch a psychologick\u00fdch test\u016f. Zv\u00e1ni jsou \u010de\u0161t\u00ed i zahrani\u010dn\u00ed host\u00e9. Pokud m\u00e1te z\u00e1jem p\u0159ihl\u00e1sit se na semin\u00e1\u0159, p\u0159\u00edpadn\u011b pokud byste m\u011bli z\u00e1jem o zas\u00edl\u00e1n\u00ed aktu\u00e1ln\u00edch informac\u00ed, pros\u00edm p\u0159ihlaste se p\u0159es SIS, p\u0159\u00edpadn\u011b mne kontaktujte.<br \/><br \/>Se srde\u010dn\u00fdm pozdravem<br \/>Patr\u00edcia Martinkov\u00e1<\/p>\n\n\n<p><\/p>\n","protected":false},"excerpt":{"rendered":"<p>V\u00e1\u017een\u00ed, v leto\u0161n\u00edm roce je op\u011bt otev\u0159en Semin\u00e1\u0159 z psychometrie, viz https:\/\/www.cs.cas.cz\/martinkova\/seminar.html Semin\u00e1\u0159 se bude konat v pond\u011blky od 16 hodin v zasedac\u00ed m\u00edstnosti 318 na \u00dastavu informatiky AV \u010cR (Pod Vod\u00e1renskou v\u011b\u017e\u00ed 2) s mo\u017enost\u00ed p\u0159ipojit se p\u0159es Zoom. Prvn\u00ed setk\u00e1n\u00ed se uskute\u010dn\u00ed v pond\u011bl\u00ed 24. \u00fanora. Semin\u00e1\u0159 p\u0159edstavuje sou\u010dasn\u00e1 t\u00e9mata z psychometrie a <a href='https:\/\/pages.pedf.cuni.cz\/uvrv\/2025\/02\/17\/seminar-z-psychometrie\/' class='excerpt-more'>[&#8230;]<\/a><\/p>\n","protected":false},"author":965,"featured_media":0,"comment_status":"closed","ping_status":"closed","sticky":false,"template":"","format":"standard","meta":{"_monsterinsights_skip_tracking":false,"_monsterinsights_sitenote_active":false,"_monsterinsights_sitenote_note":"","_monsterinsights_sitenote_category":0,"footnotes":""},"categories":[4626,11032],"tags":[],"class_list":["post-7057","post","type-post","status-publish","format-standard","hentry","category-aktuality","category-s9-doktorske-studium","category-4626-id","category-11032-id","post-seq-1","post-parity-odd","meta-position-corners","fix"],"_links":{"self":[{"href":"https:\/\/pages.pedf.cuni.cz\/uvrv\/wp-json\/wp\/v2\/posts\/7057","targetHints":{"allow":["GET"]}}],"collection":[{"href":"https:\/\/pages.pedf.cuni.cz\/uvrv\/wp-json\/wp\/v2\/posts"}],"about":[{"href":"https:\/\/pages.pedf.cuni.cz\/uvrv\/wp-json\/wp\/v2\/types\/post"}],"author":[{"embeddable":true,"href":"https:\/\/pages.pedf.cuni.cz\/uvrv\/wp-json\/wp\/v2\/users\/965"}],"replies":[{"embeddable":true,"href":"https:\/\/pages.pedf.cuni.cz\/uvrv\/wp-json\/wp\/v2\/comments?post=7057"}],"version-history":[{"count":2,"href":"https:\/\/pages.pedf.cuni.cz\/uvrv\/wp-json\/wp\/v2\/posts\/7057\/revisions"}],"predecessor-version":[{"id":7059,"href":"https:\/\/pages.pedf.cuni.cz\/uvrv\/wp-json\/wp\/v2\/posts\/7057\/revisions\/7059"}],"wp:attachment":[{"href":"https:\/\/pages.pedf.cuni.cz\/uvrv\/wp-json\/wp\/v2\/media?parent=7057"}],"wp:term":[{"taxonomy":"category","embeddable":true,"href":"https:\/\/pages.pedf.cuni.cz\/uvrv\/wp-json\/wp\/v2\/categories?post=7057"},{"taxonomy":"post_tag","embeddable":true,"href":"https:\/\/pages.pedf.cuni.cz\/uvrv\/wp-json\/wp\/v2\/tags?post=7057"}],"curies":[{"name":"wp","href":"https:\/\/api.w.org\/{rel}","templated":true}]}}